{"id":19140,"date":"2022-03-16T14:26:10","date_gmt":"2022-03-16T17:26:10","guid":{"rendered":"https:\/\/penseavanti.com.br\/?p=19140"},"modified":"2022-04-06T14:36:37","modified_gmt":"2022-04-06T17:36:37","slug":"blog-afinal-o-que-os-consumidores-desejam","status":"publish","type":"post","link":"https:\/\/penseavanti.com.br\/ecommerce\/blog-afinal-o-que-os-consumidores-desejam\/","title":{"rendered":"Afinal, o que os consumidores desejam?"},"content":{"rendered":"\n\n<div class=\"kk-star-ratings kksr-auto kksr-align-left kksr-valign-top\"\n    data-payload='{&quot;align&quot;:&quot;left&quot;,&quot;id&quot;:&quot;19140&quot;,&quot;slug&quot;:&quot;default&quot;,&quot;valign&quot;:&quot;top&quot;,&quot;ignore&quot;:&quot;&quot;,&quot;reference&quot;:&quot;auto&quot;,&quot;class&quot;:&quot;&quot;,&quot;count&quot;:&quot;1&quot;,&quot;legendonly&quot;:&quot;&quot;,&quot;readonly&quot;:&quot;&quot;,&quot;score&quot;:&quot;5&quot;,&quot;starsonly&quot;:&quot;&quot;,&quot;best&quot;:&quot;5&quot;,&quot;gap&quot;:&quot;4&quot;,&quot;greet&quot;:&quot;Avalie esta p\\u00e1gina&quot;,&quot;legend&quot;:&quot;5\\\/5 - (1 vote)&quot;,&quot;size&quot;:&quot;24&quot;,&quot;title&quot;:&quot;Afinal, o que os consumidores desejam?&quot;,&quot;width&quot;:&quot;138&quot;,&quot;_legend&quot;:&quot;{score}\\\/{best} - ({count} {votes})&quot;,&quot;font_factor&quot;:&quot;1.25&quot;}'>\n            \n<div class=\"kksr-stars\">\n    \n<div class=\"kksr-stars-inactive\">\n            <div class=\"kksr-star\" data-star=\"1\" style=\"padding-right: 4px\">\n            \n\n<div class=\"kksr-icon\" style=\"width: 24px; height: 24px;\"><\/div>\n        <\/div>\n            <div class=\"kksr-star\" data-star=\"2\" style=\"padding-right: 4px\">\n            \n\n<div class=\"kksr-icon\" style=\"width: 24px; height: 24px;\"><\/div>\n        <\/div>\n            <div class=\"kksr-star\" data-star=\"3\" style=\"padding-right: 4px\">\n            \n\n<div class=\"kksr-icon\" style=\"width: 24px; height: 24px;\"><\/div>\n        <\/div>\n            <div class=\"kksr-star\" data-star=\"4\" style=\"padding-right: 4px\">\n            \n\n<div class=\"kksr-icon\" style=\"width: 24px; height: 24px;\"><\/div>\n        <\/div>\n            <div class=\"kksr-star\" data-star=\"5\" style=\"padding-right: 4px\">\n            \n\n<div class=\"kksr-icon\" style=\"width: 24px; height: 24px;\"><\/div>\n        <\/div>\n    <\/div>\n    \n<div class=\"kksr-stars-active\" style=\"width: 138px;\">\n            <div class=\"kksr-star\" style=\"padding-right: 4px\">\n            \n\n<div class=\"kksr-icon\" style=\"width: 24px; height: 24px;\"><\/div>\n        <\/div>\n            <div class=\"kksr-star\" style=\"padding-right: 4px\">\n            \n\n<div class=\"kksr-icon\" style=\"width: 24px; height: 24px;\"><\/div>\n        <\/div>\n            <div class=\"kksr-star\" style=\"padding-right: 4px\">\n            \n\n<div class=\"kksr-icon\" style=\"width: 24px; height: 24px;\"><\/div>\n        <\/div>\n            <div class=\"kksr-star\" style=\"padding-right: 4px\">\n            \n\n<div class=\"kksr-icon\" style=\"width: 24px; height: 24px;\"><\/div>\n        <\/div>\n            <div class=\"kksr-star\" style=\"padding-right: 4px\">\n            \n\n<div class=\"kksr-icon\" style=\"width: 24px; height: 24px;\"><\/div>\n        <\/div>\n    <\/div>\n<\/div>\n                \n\n<div class=\"kksr-legend\" style=\"font-size: 19.2px;\">\n            5\/5 - (1 vote)    <\/div>\n    <\/div>\n\n<p>Em 2022 os consumidores est\u00e3o deixando de enxergar o online e offline como experi\u00eancias distintas &#8211; eles, cada vez mais, esperam que as duas modalidades estejam conectadas. <strong>As compras devem ser r\u00e1pidas, eficientes, f\u00e1ceis e intuitivas. Ponto<\/strong>! Independente se o primeiro contato for atrav\u00e9s de uma loja tradicional ou um e-commerce. Al\u00e9m de atender \u00e0s necessidades dos consumidores no que se refere aos produtos e servi\u00e7os oferecidos, as empresas tamb\u00e9m est\u00e3o sendo cobradas para que se atentem \u00e0s reivindica\u00e7\u00f5es de responsabilidade social e ambiental. <\/p>\n\n\n\n<h2 class=\"wp-block-heading\">Fluxo de compra h\u00edbrido<\/h2>\n\n\n\n<p>Varejistas e empresas devem alinhar suas marcas com essas novas expectativas do consumidor. o IBM Institute para Business Value (IBV), em associa\u00e7\u00e3o com o National Retail Federation (NRF), realizou uma pesquisa global com mais mais de 19.000 entrevistados em 28 pa\u00edses em setembro de 2021 e identifcou que, depois de passar grande parte dos \u00faltimos dois anos somente no virtual, os consumidores agora veem o digital como uma ferramentas da experi\u00eancia de compra. Eles esperam que as lojas sejam habilitadas digitalmente e para marcas e varejistas para oferecer suporte a jornadas de compras h\u00edbridas, que combinam canais f\u00edsicos e digitais. Isto \u00e9 uma realidade para a Gera\u00e7\u00e3o Z, que usa compras h\u00edbridas mais do que qualquer outra gera\u00e7\u00e3o. Eles querem a liberdade para usar o m\u00e9todo de compra mais conveniente. <\/p>\n\n\n\n<p>A compra h\u00edbrida \u00e9 o principal m\u00e9todo de compra para 27% dos consumidores.<\/p>\n\n\n<div class=\"wp-block-image\">\n<figure class=\"aligncenter size-large\"><a href=\"https:\/\/penseavanti.com.br\/cases?utmi=banner-blog-Cases-implantacao\"><img fetchpriority=\"high\" decoding=\"async\" width=\"1024\" height=\"101\" src=\"http:\/\/penseavanti.com.br\/wp-content\/uploads\/2022\/01\/Case-de-sucesso-Ecommerce-Brasil-Banner-1024x101.gif\" alt=\"case de sucesso ticket m\u00e9dio 3x maior kopenhagen\" class=\"wp-image-17776\" srcset=\"https:\/\/penseavanti.com.br\/ecommerce\/wp-content\/uploads\/2022\/01\/Case-de-sucesso-Ecommerce-Brasil-Banner-1024x101.gif 1024w, https:\/\/penseavanti.com.br\/ecommerce\/wp-content\/uploads\/2022\/01\/Case-de-sucesso-Ecommerce-Brasil-Banner-300x30.gif 300w, https:\/\/penseavanti.com.br\/ecommerce\/wp-content\/uploads\/2022\/01\/Case-de-sucesso-Ecommerce-Brasil-Banner-768x76.gif 768w\" sizes=\"(max-width: 1024px) 100vw, 1024px\" \/><\/a><\/figure><\/div>\n\n\n<hr class=\"wp-block-separator has-alpha-channel-opacity\"\/>\n\n\n\n<h2 class=\"wp-block-heading\">Demanda por produtos sustent\u00e1veis<\/h2>\n\n\n\n<p>In\u00fameros estudos t\u00eam mostrado que os consumidores est\u00e3o cientes da gravidade da crise ambiental em curso. Na verdade, a maioria sente que est\u00e1 colocando suas pr\u00f3prias vidas em risco. Um setembro de 2021, um relat\u00f3rio da Pew Research descobriu que quase 3 em 4 (72%) pessoas est\u00e3o preocupadas que  a mudan\u00e7a clim\u00e1tica ir\u00e1 prejudic\u00e1-las em algum momento. Para muitos consumidores, a pandemia da Covid-19 deu um &#8220;gostinho&#8221; do que poderia estar por vir &#8211; e isso mudou suas prioridades. Um relat\u00f3rio de maio de 2021 do IBV descobriu que 9 entre 10 consumidores globais dizem que a Covid-19 afetou suas opini\u00f5es sobre sustentabilidade. Em 2022, cerca de 4 em cada 5 consumidores dizem que sustentabilidade, sa\u00fade e bem-estar s\u00e3o importantes para eles ao escolher um marca. Al\u00e9m disso, esses consumidores dizem que s\u00e3o dispostos a pagar um pre\u00e7o maior por produtos que est\u00e3o alinhados com seus posicionamentos. <\/p>\n\n\n\n<p>A pesquisa afirma que 74% dos consumidores dizem estar dispostos a pagar um valor maior por marcas sustent\u00e1veis. E n\u00e3o s\u00e3o apenas os ricos que dizem que est\u00e3o dispostos a pagar a mais, consumidores em todos os n\u00edveis de renda e faixas et\u00e1rias querem apoiar a sustentabilidade, a sa\u00fade e o bem-estar. <\/p>\n\n\n\n<h2 class=\"wp-block-heading\">Posicionamento de marca<\/h2>\n\n\n\n<p>A tr\u00edade de custo, conveni\u00eancia e valor tem historicamente orientado o comportamento de compra dos consumidores, mas isso mudou durante a pandemia. Consumidores orientados por prop\u00f3sitos \u2014 pessoas que escolher marcas com base em qu\u00e3o bem essas marcas se alinham com seus valores &#8211; agora representam o maior segmento (44%) consumidores globais em todas as principais categorias de produtos.<\/p>\n\n\n\n<p>Consumidores com posicionamentos definidos dizem que est\u00e3o dispostos a pagar mais caro por produtos e servi\u00e7os que se alinhem com seus valores. <\/p>\n\n\n\n<p>E a sua marca, j\u00e1 est\u00e1 preparada para se adaptar e criar um posicionamento?<\/p>\n\n\n\n<p>Fonte das informa\u00e7\u00f5es e dados: <a href=\"https:\/\/www.ibm.com\/thought-leadership\/institute-business-value\/report\/2022-consumer-study\" target=\"_blank\" rel=\"noreferrer noopener\">IBM<\/a>.<\/p>\n\n\n\n<hr class=\"wp-block-separator\"\/>\n\n\n\n<h4 class=\"has-text-align-center wp-block-heading\" id=\"se-voce-quer-acelerar-no-comercio-digital-com-uma-agencia-parceira-do-google-e-especialista-no-seu-negocio-entre-em-contato-conosco-pelo-formulario-abaixo\">Se voc\u00ea quer acelerar no com\u00e9rcio digital com uma ag\u00eancia parceira do Google e especialista no seu neg\u00f3cio, entre em contato conosco pelo formul\u00e1rio abaixo!<\/h4>\n\n\n\n\n<div class=\"container\">\n        <div class=\"row\">\n            <div class=\"col-md-6\">\n            \n            <div role=\"main\" id=\"fln-squeeze-blog-pages-contato-inbound-9f36a781937a09f09e2e\"><\/div><script type=\"text\/javascript\" src=\"https:\/\/d335luupugsy2.cloudfront.net\/js\/rdstation-forms\/stable\/rdstation-forms.min.js\"><\/script><script type=\"text\/javascript\"> new RDStationForms('fln-squeeze-blog-pages-contato-inbound-9f36a781937a09f09e2e', 'UA-24677049-1').createForm();<\/script>\n            <\/div>\n            \n            <div class=\"col-md-6\">\n     \n                <img decoding=\"async\" style=\"width: 500px\" src=\"http:\/\/penseavanti.com.br\/wp-content\/uploads\/2021\/09\/Mulher.png\" >\n                \n                     <\/div>\n                     \n                                          <\/div>\n                                                                                    <\/div>\n                                                                                                                              <\/div>\n\n\n\n\n<hr class=\"wp-block-separator\"\/>\n\n\n\n<p class=\"has-text-align-center has-medium-font-size\">  <strong>Assuntos relacionados que voc\u00ea tamb\u00e9m pode se interessar:<\/strong>  <\/p>\n\n\n\n<figure class=\"wp-block-table\"><table><tbody><tr><td class=\"has-text-align-center\" data-align=\"center\"><strong>SEO<\/strong><br><a href=\"https:\/\/penseavanti.com.br\/seo-gestao-consultoria-de-seo-para-ecommerce\/\" target=\"_blank\" rel=\"noreferrer noopener\">SEO E-commerce<\/a><br><a href=\"https:\/\/penseavanti.com.br\/agencia-consultoria-seo-vtex\/\" target=\"_blank\" rel=\"noreferrer noopener\">SEO VTEX<\/a><br><a href=\"https:\/\/penseavanti.com.br\/agencia-link-building-ecommerce\/\" target=\"_blank\" rel=\"noreferrer noopener\">Link Building para E-commerce<\/a><br><a href=\"https:\/\/penseavanti.com.br\/agencia-consultoria-seo-vtex\/\" target=\"_blank\" rel=\"noreferrer noopener\">Consultoria de SEO<\/a><\/td><td class=\"has-text-align-center\" data-align=\"center\"><strong>M\u00eddia<\/strong><br><a href=\"https:\/\/penseavanti.com.br\/agencia-google-ads-ecommerce\/\" target=\"_blank\" rel=\"noreferrer noopener\">Google Ads para E-commerce<\/a><br><a href=\"https:\/\/penseavanti.com.br\/agencia-facebook-ads-partner\/\" target=\"_blank\" rel=\"noreferrer noopener\">Facebook Ads para E-commerce<\/a><br><a href=\"https:\/\/penseavanti.com.br\/agencia-facebook-ads-partner\/\" target=\"_blank\" rel=\"noreferrer noopener\">Pinterest Ads<\/a><br><a href=\"https:\/\/penseavanti.com.br\/agencia-midia-programatica-ecommerce\/\" target=\"_blank\" rel=\"noreferrer noopener\">M\u00eddia Program\u00e1tica<\/a><br><a href=\"https:\/\/penseavanti.com.br\/agencia-google-partner-premier-ecommerce\/\" target=\"_blank\" rel=\"noreferrer noopener\">Ag\u00eancia Google Partner<\/a><\/td><\/tr><tr><td class=\"has-text-align-center\" data-align=\"center\"><br><strong>Implanta\u00e7\u00e3o&nbsp;<\/strong><br><a href=\"https:\/\/penseavanti.com.br\/agencia-implantacao-loja-vtex\/\">Desenvolvimento VTEX<\/a><br><a href=\"https:\/\/penseavanti.com.br\/agencia-implantacao-loja-vtex\/\">Loja VTEX<\/a><br><a href=\"https:\/\/penseavanti.com.br\/especialista-quadrante-vtex\/\">Quadrante VTEX Partner<\/a><\/td><td class=\"has-text-align-center\" data-align=\"center\"><strong>Suporte e CRO<\/strong><br><a href=\"https:\/\/penseavanti.com.br\/suporte-evolucao-plataforma-vtex\/\" target=\"_blank\" rel=\"noreferrer noopener\">Suporte VTEX<\/a><br><a href=\"https:\/\/penseavanti.com.br\/agencia-cro-loja-virtual-ecommerce\" target=\"_blank\" rel=\"noreferrer noopener\">CRO para E-commerce<\/a><\/td><\/tr><tr><td class=\"has-text-align-center\" data-align=\"center\"><br><strong>Ag\u00eancia SEO e M\u00eddia<\/strong><br><a href=\"https:\/\/penseavanti.com.br\/seo-gestao-consultoria-de-seo-para-ecommerce\/\" target=\"_blank\" rel=\"noreferrer noopener\">Ag\u00eancia de SEO<\/a><br><a href=\"https:\/\/penseavanti.com.br\/agencia-link-building-ecommerce\/\" target=\"_blank\" rel=\"noreferrer noopener\">Ag\u00eancia de Link Building<\/a><br><a href=\"https:\/\/penseavanti.com.br\/agencia-google-ads-ecommerce\/\" target=\"_blank\" rel=\"noreferrer noopener\">Ag\u00eancia Google Ads<\/a><br><a href=\"https:\/\/penseavanti.com.br\/agencia-facebook-ads-partner\/\" target=\"_blank\" rel=\"noreferrer noopener\">Ag\u00eancia Facebook Ads<\/a><\/td><td class=\"has-text-align-center\" data-align=\"center\"> <strong>Ag\u00eancia E-commerce<\/strong><br> <a href=\"https:\/\/penseavanti.com.br\/quem-somos\/\" target=\"_blank\" rel=\"noreferrer noopener\">Ag\u00eancia VTEX<\/a><br><a href=\"https:\/\/penseavanti.com.br\/\" target=\"_blank\" rel=\"noreferrer noopener\">Ag\u00eancia E-commerce<\/a><br><a href=\"https:\/\/penseavanti.com.br\/agencia-cro-loja-virtual-ecommerce\" target=\"_blank\" rel=\"noreferrer noopener\">Ag\u00eancia de CRO<\/a><br><a href=\"https:\/\/penseavanti.com.br\/suporte-evolucao-plataforma-vtex\/\" target=\"_blank\" rel=\"noreferrer noopener\">Ag\u00eancia Suporte VTEX<\/a> <\/td><\/tr><\/tbody><\/table><\/figure>\n\n\n\n<figure class=\"wp-block-table\"><table><tbody><tr><td class=\"has-text-align-center\" data-align=\"center\"><strong>SEO<\/strong><br><a href=\"https:\/\/penseavanti.com.br\/seo-gestao-consultoria-de-seo-para-ecommerce\/\" target=\"_blank\" rel=\"noreferrer noopener\">SEO E-commerce<\/a><br><a href=\"https:\/\/penseavanti.com.br\/agencia-consultoria-seo-vtex\/\" target=\"_blank\" rel=\"noreferrer noopener\">SEO VTEX<\/a><br><a href=\"https:\/\/penseavanti.com.br\/agencia-link-building-ecommerce\/\" target=\"_blank\" rel=\"noreferrer noopener\">Link Building para E-commerce<\/a><br><a href=\"https:\/\/penseavanti.com.br\/agencia-consultoria-seo-vtex\/\" target=\"_blank\" rel=\"noreferrer noopener\">Consultoria de SEO<\/a><\/td><td class=\"has-text-align-center\" data-align=\"center\"><strong>M\u00eddia<\/strong><br><a href=\"https:\/\/penseavanti.com.br\/agencia-google-ads-ecommerce\/\" target=\"_blank\" rel=\"noreferrer noopener\">Google Ads para E-commerce<\/a><br><a href=\"https:\/\/penseavanti.com.br\/agencia-facebook-ads-partner\/\" target=\"_blank\" rel=\"noreferrer noopener\">Facebook Ads para E-commerce<\/a><br><a href=\"https:\/\/penseavanti.com.br\/agencia-facebook-ads-partner\/\" target=\"_blank\" rel=\"noreferrer noopener\">Pinterest Ads<\/a><br><a href=\"https:\/\/penseavanti.com.br\/agencia-midia-programatica-ecommerce\/\" target=\"_blank\" rel=\"noreferrer noopener\">M\u00eddia Program\u00e1tica<\/a><br><a href=\"https:\/\/penseavanti.com.br\/agencia-google-partner-premier-ecommerce\/\" target=\"_blank\" rel=\"noreferrer noopener\">Ag\u00eancia Google Partner<\/a><\/td><\/tr><tr><td class=\"has-text-align-center\" data-align=\"center\"><br><strong>Implanta\u00e7\u00e3o&nbsp;<\/strong><br><a href=\"https:\/\/penseavanti.com.br\/agencia-implantacao-loja-vtex\/\">Desenvolvimento VTEX<\/a><br><a href=\"https:\/\/penseavanti.com.br\/agencia-implantacao-loja-vtex\/\">Loja VTEX<\/a><br><a href=\"https:\/\/penseavanti.com.br\/especialista-quadrante-vtex\/\">Quadrante VTEX Partner<\/a><\/td><td class=\"has-text-align-center\" data-align=\"center\"><strong>Suporte e CRO<\/strong><br><a href=\"https:\/\/penseavanti.com.br\/suporte-evolucao-plataforma-vtex\/\" target=\"_blank\" rel=\"noreferrer noopener\">Suporte VTEX<\/a><br><a href=\"https:\/\/penseavanti.com.br\/agencia-cro-loja-virtual-ecommerce\" target=\"_blank\" rel=\"noreferrer noopener\">CRO para E-commerce<\/a><\/td><\/tr><tr><td class=\"has-text-align-center\" data-align=\"center\"><br><strong>Ag\u00eancia SEO e M\u00eddia<\/strong><br><a href=\"https:\/\/penseavanti.com.br\/seo-gestao-consultoria-de-seo-para-ecommerce\/\" target=\"_blank\" rel=\"noreferrer noopener\">Ag\u00eancia de SEO<\/a><br><a href=\"https:\/\/penseavanti.com.br\/agencia-link-building-ecommerce\/\" target=\"_blank\" rel=\"noreferrer noopener\">Ag\u00eancia de Link Building<\/a><br><a href=\"https:\/\/penseavanti.com.br\/agencia-google-ads-ecommerce\/\" target=\"_blank\" rel=\"noreferrer noopener\">Ag\u00eancia Google Ads<\/a><br><a href=\"https:\/\/penseavanti.com.br\/agencia-facebook-ads-partner\/\" target=\"_blank\" rel=\"noreferrer noopener\">Ag\u00eancia Facebook Ads<\/a><\/td><td class=\"has-text-align-center\" data-align=\"center\"> <strong>Ag\u00eancia E-commerce<\/strong><br> <a href=\"https:\/\/penseavanti.com.br\/quem-somos\/\" target=\"_blank\" rel=\"noreferrer noopener\">Ag\u00eancia VTEX<\/a><br><a href=\"https:\/\/penseavanti.com.br\/\" target=\"_blank\" rel=\"noreferrer noopener\">Ag\u00eancia E-commerce<\/a><br><a href=\"https:\/\/penseavanti.com.br\/agencia-cro-loja-virtual-ecommerce\" target=\"_blank\" rel=\"noreferrer noopener\">Ag\u00eancia de CRO<\/a><br><a href=\"https:\/\/penseavanti.com.br\/suporte-evolucao-plataforma-vtex\/\" target=\"_blank\" rel=\"noreferrer noopener\">Ag\u00eancia Suporte VTEX<\/a> <\/td><\/tr><\/tbody><\/table><\/figure>\n","protected":false},"excerpt":{"rendered":"<p>Em 2022 os consumidores est\u00e3o deixando de enxergar o online e offline como experi\u00eancias distintas &#8211; eles, cada vez mais, esperam que as duas modalidades estejam conectadas. As compras devem ser r\u00e1pidas, eficientes, f\u00e1ceis e intuitivas. Ponto! Independente se o primeiro contato for atrav\u00e9s de uma loja tradicional ou um e-commerce. Al\u00e9m de atender \u00e0s [&hellip;]<\/p>\n","protected":false},"author":16,"featured_media":19807,"comment_status":"open","ping_status":"open","sticky":false,"template":"","format":"standard","meta":{"inline_featured_image":false,"footnotes":""},"categories":[16,6,28,134],"tags":[25,29,519],"acf":[],"yoast_head":"<!-- This site is optimized with the Yoast SEO plugin v21.9.1 - https:\/\/yoast.com\/wordpress\/plugins\/seo\/ -->\n<title>Afinal, o que os consumidores desejam? | Blog Avanti E-commerce<\/title>\n<meta name=\"description\" content=\"Confira pesquisa que traz dados sobre o que est\u00e1 em alta entre os consumidores na hora de escolher onde comprar os produtos.\" \/>\n<meta name=\"robots\" content=\"index, follow, max-snippet:-1, max-image-preview:large, max-video-preview:-1\" \/>\n<link rel=\"canonical\" href=\"https:\/\/penseavanti.com.br\/ecommerce\/blog-afinal-o-que-os-consumidores-desejam\/\" \/>\n<meta property=\"og:locale\" content=\"pt_BR\" \/>\n<meta property=\"og:type\" content=\"article\" \/>\n<meta property=\"og:title\" content=\"Afinal, o que os consumidores desejam? | Blog Avanti E-commerce\" \/>\n<meta property=\"og:description\" content=\"Confira pesquisa que traz dados sobre o que est\u00e1 em alta entre os consumidores na hora de escolher onde comprar os produtos.\" \/>\n<meta property=\"og:url\" content=\"https:\/\/penseavanti.com.br\/ecommerce\/blog-afinal-o-que-os-consumidores-desejam\/\" \/>\n<meta property=\"og:site_name\" content=\"Avanti | e-commerce e Marketing Digital\" \/>\n<meta property=\"article:publisher\" content=\"https:\/\/www.facebook.com\/penseavanti\/\" \/>\n<meta property=\"article:published_time\" content=\"2022-03-16T17:26:10+00:00\" \/>\n<meta property=\"article:modified_time\" content=\"2022-04-06T17:36:37+00:00\" \/>\n<meta property=\"og:image\" content=\"https:\/\/penseavanti.com.br\/ecommerce\/wp-content\/uploads\/2022\/03\/Afinal-o-que-os-consumidores-desejam.jpg\" \/>\n\t<meta property=\"og:image:width\" content=\"300\" \/>\n\t<meta property=\"og:image:height\" content=\"172\" \/>\n\t<meta property=\"og:image:type\" content=\"image\/jpeg\" \/>\n<meta name=\"author\" content=\"Taiane Martins\" \/>\n<meta name=\"twitter:card\" content=\"summary_large_image\" \/>\n<!-- \/ Yoast SEO plugin. -->","yoast_head_json":{"title":"Afinal, o que os consumidores desejam? | Blog Avanti E-commerce","description":"Confira pesquisa que traz dados sobre o que est\u00e1 em alta entre os consumidores na hora de escolher onde comprar os produtos.","robots":{"index":"index","follow":"follow","max-snippet":"max-snippet:-1","max-image-preview":"max-image-preview:large","max-video-preview":"max-video-preview:-1"},"canonical":"https:\/\/penseavanti.com.br\/ecommerce\/blog-afinal-o-que-os-consumidores-desejam\/","og_locale":"pt_BR","og_type":"article","og_title":"Afinal, o que os consumidores desejam? | Blog Avanti E-commerce","og_description":"Confira pesquisa que traz dados sobre o que est\u00e1 em alta entre os consumidores na hora de escolher onde comprar os produtos.","og_url":"https:\/\/penseavanti.com.br\/ecommerce\/blog-afinal-o-que-os-consumidores-desejam\/","og_site_name":"Avanti | e-commerce e Marketing Digital","article_publisher":"https:\/\/www.facebook.com\/penseavanti\/","article_published_time":"2022-03-16T17:26:10+00:00","article_modified_time":"2022-04-06T17:36:37+00:00","og_image":[{"width":300,"height":172,"url":"https:\/\/penseavanti.com.br\/ecommerce\/wp-content\/uploads\/2022\/03\/Afinal-o-que-os-consumidores-desejam.jpg","type":"image\/jpeg"}],"author":"Taiane Martins","twitter_card":"summary_large_image","schema":{"@context":"https:\/\/schema.org","@graph":[{"@type":"Article","@id":"https:\/\/penseavanti.com.br\/ecommerce\/blog-afinal-o-que-os-consumidores-desejam\/#article","isPartOf":{"@id":"https:\/\/penseavanti.com.br\/ecommerce\/blog-afinal-o-que-os-consumidores-desejam\/"},"author":{"name":"Taiane Martins","@id":"https:\/\/penseavanti.com.br\/ecommerce\/#\/schema\/person\/31870848bb9073a5a803935708d78773"},"headline":"Afinal, o que os consumidores desejam?","datePublished":"2022-03-16T17:26:10+00:00","dateModified":"2022-04-06T17:36:37+00:00","mainEntityOfPage":{"@id":"https:\/\/penseavanti.com.br\/ecommerce\/blog-afinal-o-que-os-consumidores-desejam\/"},"wordCount":578,"commentCount":0,"publisher":{"@id":"https:\/\/penseavanti.com.br\/ecommerce\/#organization"},"keywords":["e-commerce","marketing digital","pesquisa"],"articleSection":["E-commerce","Marketing","Marketing Digital","Tecnologia"],"inLanguage":"pt-BR","potentialAction":[{"@type":"CommentAction","name":"Comment","target":["https:\/\/penseavanti.com.br\/ecommerce\/blog-afinal-o-que-os-consumidores-desejam\/#respond"]}]},{"@type":"WebPage","@id":"https:\/\/penseavanti.com.br\/ecommerce\/blog-afinal-o-que-os-consumidores-desejam\/","url":"https:\/\/penseavanti.com.br\/ecommerce\/blog-afinal-o-que-os-consumidores-desejam\/","name":"Afinal, o que os consumidores desejam? | Blog Avanti E-commerce","isPartOf":{"@id":"https:\/\/penseavanti.com.br\/ecommerce\/#website"},"datePublished":"2022-03-16T17:26:10+00:00","dateModified":"2022-04-06T17:36:37+00:00","description":"Confira pesquisa que traz dados sobre o que est\u00e1 em alta entre os consumidores na hora de escolher onde comprar os produtos.","breadcrumb":{"@id":"https:\/\/penseavanti.com.br\/ecommerce\/blog-afinal-o-que-os-consumidores-desejam\/#breadcrumb"},"inLanguage":"pt-BR","potentialAction":[{"@type":"ReadAction","target":["https:\/\/penseavanti.com.br\/ecommerce\/blog-afinal-o-que-os-consumidores-desejam\/"]}]},{"@type":"BreadcrumbList","@id":"https:\/\/penseavanti.com.br\/ecommerce\/blog-afinal-o-que-os-consumidores-desejam\/#breadcrumb","itemListElement":[{"@type":"ListItem","position":1,"name":"In\u00edcio","item":"https:\/\/penseavanti.com.br\/ecommerce\/"},{"@type":"ListItem","position":2,"name":"Afinal, o que os consumidores desejam?"}]},{"@type":"WebSite","@id":"https:\/\/penseavanti.com.br\/ecommerce\/#website","url":"https:\/\/penseavanti.com.br\/ecommerce\/","name":"Avanti | e-commerce e Marketing Digital","description":"Acelerando GRANDES MARCAS no Com\u00e9rcio Digital. Como uma das maiores empresas de solu\u00e7\u00f5es para e-commerce do Brasil, a Avanti \u00e9 pioneira e especialista em usar o poder da tecnologia para acelerar o Com\u00e9rcio Digital do varejo, ind\u00fastria e servi\u00e7os","publisher":{"@id":"https:\/\/penseavanti.com.br\/ecommerce\/#organization"},"potentialAction":[{"@type":"SearchAction","target":{"@type":"EntryPoint","urlTemplate":"https:\/\/penseavanti.com.br\/ecommerce\/?s={search_term_string}"},"query-input":"required name=search_term_string"}],"inLanguage":"pt-BR"},{"@type":"Organization","@id":"https:\/\/penseavanti.com.br\/ecommerce\/#organization","name":"Avanti E-commerce e Marketing Digital","url":"https:\/\/penseavanti.com.br\/ecommerce\/","logo":{"@type":"ImageObject","inLanguage":"pt-BR","@id":"https:\/\/penseavanti.com.br\/ecommerce\/#\/schema\/logo\/image\/","url":"http:\/\/penseavanti.com.br\/wp-content\/uploads\/2021\/03\/Logo_A.png","contentUrl":"http:\/\/penseavanti.com.br\/wp-content\/uploads\/2021\/03\/Logo_A.png","width":200,"height":200,"caption":"Avanti E-commerce e Marketing Digital"},"image":{"@id":"https:\/\/penseavanti.com.br\/ecommerce\/#\/schema\/logo\/image\/"},"sameAs":["https:\/\/www.facebook.com\/penseavanti\/","https:\/\/www.instagram.com\/penseavanti\/","https:\/\/www.linkedin.com\/company\/penseavanti\/","https:\/\/youtube.com\/user\/penseavanti\/"]},{"@type":"Person","@id":"https:\/\/penseavanti.com.br\/ecommerce\/#\/schema\/person\/31870848bb9073a5a803935708d78773","name":"Taiane Martins","image":{"@type":"ImageObject","inLanguage":"pt-BR","@id":"https:\/\/penseavanti.com.br\/ecommerce\/#\/schema\/person\/image\/","url":"https:\/\/secure.gravatar.com\/avatar\/d1eb2c08ff49382704a091ba52fd0587?s=96&d=mm&r=g","contentUrl":"https:\/\/secure.gravatar.com\/avatar\/d1eb2c08ff49382704a091ba52fd0587?s=96&d=mm&r=g","caption":"Taiane Martins"},"sameAs":["http:\/\/penseavanti.com.br"],"url":"https:\/\/penseavanti.com.br\/ecommerce\/author\/taiane-martins\/"}]}},"_links":{"self":[{"href":"https:\/\/penseavanti.com.br\/ecommerce\/wp-json\/wp\/v2\/posts\/19140"}],"collection":[{"href":"https:\/\/penseavanti.com.br\/ecommerce\/wp-json\/wp\/v2\/posts"}],"about":[{"href":"https:\/\/penseavanti.com.br\/ecommerce\/wp-json\/wp\/v2\/types\/post"}],"author":[{"embeddable":true,"href":"https:\/\/penseavanti.com.br\/ecommerce\/wp-json\/wp\/v2\/users\/16"}],"replies":[{"embeddable":true,"href":"https:\/\/penseavanti.com.br\/ecommerce\/wp-json\/wp\/v2\/comments?post=19140"}],"version-history":[{"count":13,"href":"https:\/\/penseavanti.com.br\/ecommerce\/wp-json\/wp\/v2\/posts\/19140\/revisions"}],"predecessor-version":[{"id":19185,"href":"https:\/\/penseavanti.com.br\/ecommerce\/wp-json\/wp\/v2\/posts\/19140\/revisions\/19185"}],"wp:featuredmedia":[{"embeddable":true,"href":"https:\/\/penseavanti.com.br\/ecommerce\/wp-json\/wp\/v2\/media\/19807"}],"wp:attachment":[{"href":"https:\/\/penseavanti.com.br\/ecommerce\/wp-json\/wp\/v2\/media?parent=19140"}],"wp:term":[{"taxonomy":"category","embeddable":true,"href":"https:\/\/penseavanti.com.br\/ecommerce\/wp-json\/wp\/v2\/categories?post=19140"},{"taxonomy":"post_tag","embeddable":true,"href":"https:\/\/penseavanti.com.br\/ecommerce\/wp-json\/wp\/v2\/tags?post=19140"}],"curies":[{"name":"wp","href":"https:\/\/api.w.org\/{rel}","templated":true}]}}