{"id":24215,"date":"2023-03-23T08:00:00","date_gmt":"2023-03-23T11:00:00","guid":{"rendered":"https:\/\/penseavanti.com.br\/ecommerce\/?p=24215"},"modified":"2023-06-09T11:03:08","modified_gmt":"2023-06-09T14:03:08","slug":"tempo-de-carregamento-de-pagina","status":"publish","type":"post","link":"https:\/\/penseavanti.com.br\/ecommerce\/tempo-de-carregamento-de-pagina\/","title":{"rendered":"6 dicas para melhorar o tempo de carregamento de p\u00e1gina do seu e-commerce"},"content":{"rendered":"\n\n<div class=\"kk-star-ratings kksr-auto kksr-align-left kksr-valign-top\"\n    data-payload='{&quot;align&quot;:&quot;left&quot;,&quot;id&quot;:&quot;24215&quot;,&quot;slug&quot;:&quot;default&quot;,&quot;valign&quot;:&quot;top&quot;,&quot;ignore&quot;:&quot;&quot;,&quot;reference&quot;:&quot;auto&quot;,&quot;class&quot;:&quot;&quot;,&quot;count&quot;:&quot;0&quot;,&quot;legendonly&quot;:&quot;&quot;,&quot;readonly&quot;:&quot;&quot;,&quot;score&quot;:&quot;0&quot;,&quot;starsonly&quot;:&quot;&quot;,&quot;best&quot;:&quot;5&quot;,&quot;gap&quot;:&quot;4&quot;,&quot;greet&quot;:&quot;Avalie esta p\\u00e1gina&quot;,&quot;legend&quot;:&quot;0\\\/5 - (0 votes)&quot;,&quot;size&quot;:&quot;24&quot;,&quot;title&quot;:&quot;6 dicas para melhorar o tempo de carregamento de p\\u00e1gina do seu e-commerce&quot;,&quot;width&quot;:&quot;0&quot;,&quot;_legend&quot;:&quot;{score}\\\/{best} - ({count} {votes})&quot;,&quot;font_factor&quot;:&quot;1.25&quot;}'>\n            \n<div class=\"kksr-stars\">\n    \n<div class=\"kksr-stars-inactive\">\n            <div class=\"kksr-star\" data-star=\"1\" style=\"padding-right: 4px\">\n            \n\n<div class=\"kksr-icon\" style=\"width: 24px; height: 24px;\"><\/div>\n        <\/div>\n            <div class=\"kksr-star\" data-star=\"2\" style=\"padding-right: 4px\">\n            \n\n<div class=\"kksr-icon\" style=\"width: 24px; height: 24px;\"><\/div>\n        <\/div>\n            <div class=\"kksr-star\" data-star=\"3\" style=\"padding-right: 4px\">\n            \n\n<div class=\"kksr-icon\" style=\"width: 24px; height: 24px;\"><\/div>\n        <\/div>\n            <div class=\"kksr-star\" data-star=\"4\" style=\"padding-right: 4px\">\n            \n\n<div class=\"kksr-icon\" style=\"width: 24px; height: 24px;\"><\/div>\n        <\/div>\n            <div class=\"kksr-star\" data-star=\"5\" style=\"padding-right: 4px\">\n            \n\n<div class=\"kksr-icon\" style=\"width: 24px; height: 24px;\"><\/div>\n        <\/div>\n    <\/div>\n    \n<div class=\"kksr-stars-active\" style=\"width: 0px;\">\n            <div class=\"kksr-star\" style=\"padding-right: 4px\">\n            \n\n<div class=\"kksr-icon\" style=\"width: 24px; height: 24px;\"><\/div>\n        <\/div>\n            <div class=\"kksr-star\" style=\"padding-right: 4px\">\n            \n\n<div class=\"kksr-icon\" style=\"width: 24px; height: 24px;\"><\/div>\n        <\/div>\n            <div class=\"kksr-star\" style=\"padding-right: 4px\">\n            \n\n<div class=\"kksr-icon\" style=\"width: 24px; height: 24px;\"><\/div>\n        <\/div>\n            <div class=\"kksr-star\" style=\"padding-right: 4px\">\n            \n\n<div class=\"kksr-icon\" style=\"width: 24px; height: 24px;\"><\/div>\n        <\/div>\n            <div class=\"kksr-star\" style=\"padding-right: 4px\">\n            \n\n<div class=\"kksr-icon\" style=\"width: 24px; height: 24px;\"><\/div>\n        <\/div>\n    <\/div>\n<\/div>\n                \n\n<div class=\"kksr-legend\" style=\"font-size: 19.2px;\">\n            <span class=\"kksr-muted\">Avalie esta p\u00e1gina<\/span>\n    <\/div>\n    <\/div>\n<p>O consumidor que compra na internet n\u00e3o quer ficar esperando. A frase \u00e9 ampla e vale, inclusive, para o tempo de carregamento de p\u00e1gina de um e-commerce. Se ela demora demais para abrir ou executar a\u00e7\u00f5es, o seu consumidor simplesmente desiste da compra.<\/p>\n<p>O tema se tornou ainda mais necess\u00e1rio de ser discutido \u2013 e resolvido \u2013 porque mais do que 50% dos <a href=\"https:\/\/penseavanti.com.br\/ecommerce\/ux-ecommerce-estrategia\/\">clientes online<\/a> fazem suas aquisi\u00e7\u00f5es por um dispositivo m\u00f3vel, como o celular; facilitando muito a <b>n\u00e3o<\/b> efetiva\u00e7\u00e3o da compra em caso de demora no carregamento das p\u00e1ginas dos produtos, do <i>checkout<\/i> ou qualquer outra.<\/p>\n<p>Os dados abaixo s\u00e3o da Kissmetrics, Radware e Web Performance Today:<\/p>\n<ul>\n<li style=\"font-weight: 400;\" aria-level=\"1\">40% abandonam o site que demora mais do que 3 segundos para carregar;&nbsp;<\/li>\n<li style=\"font-weight: 400;\" aria-level=\"1\">Atraso no carregamento representa 7% de queda na convers\u00e3o;&nbsp;<\/li>\n<li style=\"font-weight: 400;\" aria-level=\"1\">Atraso no carregamento indica 11% de queda em pageviews;&nbsp;<\/li>\n<li style=\"font-weight: 400;\" aria-level=\"1\">2% em convers\u00e3o para um segundo de aumento de velocidade.&nbsp;<\/li>\n<\/ul>\n<p>Al\u00e9m desse impacto super negativo para o seu neg\u00f3cio digital, a falta de cuidado com o assunto \u00e9 ruim tamb\u00e9m para o posicionamento da loja virtual na internet. O Google, por exemplo, considera a velocidade de carregamento da loja para ranquear os resultados.<\/p>\n<h2>As melhores dicas para melhorar o tempo de carregamento de p\u00e1gina<\/h2>\n<p>Muitos gestores se perguntam sobre o <b>tempo ideal de carregamento de uma p\u00e1gina<\/b>. Ainda que existam varia\u00e7\u00f5es, o ideal \u00e9 que ela n\u00e3o demore mais do que 2 segundos para carregar. Caso contr\u00e1rio, pode representar mais do que 7% de perdas nas vendas online.<\/p>\n<p>Visto isso, vamos \u00e0s melhores dicas!<\/p>\n<p><img loading=\"lazy\" decoding=\"async\" width=\"768\" height=\"513\" src=\"http:\/\/penseavanti.com.br\/ecommerce\/wp-content\/uploads\/2023\/03\/Avanti_Blog_1-768x513.jpg\" alt=\"\" loading=\"lazy\" srcset=\"https:\/\/penseavanti.com.br\/ecommerce\/wp-content\/uploads\/2023\/03\/Avanti_Blog_1-768x513.jpg 768w, https:\/\/penseavanti.com.br\/ecommerce\/wp-content\/uploads\/2023\/03\/Avanti_Blog_1-300x200.jpg 300w, https:\/\/penseavanti.com.br\/ecommerce\/wp-content\/uploads\/2023\/03\/Avanti_Blog_1-1024x684.jpg 1024w, https:\/\/penseavanti.com.br\/ecommerce\/wp-content\/uploads\/2023\/03\/Avanti_Blog_1-1536x1025.jpg 1536w, https:\/\/penseavanti.com.br\/ecommerce\/wp-content\/uploads\/2023\/03\/Avanti_Blog_1-150x100.jpg 150w, https:\/\/penseavanti.com.br\/ecommerce\/wp-content\/uploads\/2023\/03\/Avanti_Blog_1.jpg 1600w\" sizes=\"(max-width: 768px) 100vw, 768px\"><\/p>\n<h3>1 &#8211; Os arquivos externos<\/h3>\n<p>Uma primeira dica que faz muito sentido \u00e9 sobre ter cuidado com os arquivos externos, isto \u00e9, aqueles que podem vir de outras p\u00e1ginas e servidores. Se a sua loja virtual depende deles, ent\u00e3o, ficar\u00e1 ref\u00e9m do tempo de resposta que vem desses lugares.<\/p>\n<p>Assim, o que se recomenda \u00e9 que todos os arquivos usados em um site estejam armazenados no mesmo servidor, como da VTEX. Entre os arquivos, as imagens, os v\u00eddeos, os selos, as propagandas, os roteiros e as fun\u00e7\u00f5es.<\/p>\n<p>Entre os benef\u00edcios, a seguran\u00e7a das informa\u00e7\u00f5es armazenadas. A VTEX adere as principais normas globais de seguran\u00e7a, como ao usar o PCI DSS, que adota medidas com rela\u00e7\u00e3o aos portadores de cart\u00f5es. J\u00e1 o GDPR segue a norma europeia que regulamenta o uso de dados pessoais dos usu\u00e1rios que se relacionam com a empresa.<\/p>\n<p>Vale a pena se orientar ainda pelas requisi\u00e7\u00f5es s\u00edncronas. Ou seja, quando h\u00e1 servi\u00e7os externos que modificam as p\u00e1ginas da loja e podem causar problemas no carregamento completo. Um \u00f3timo exemplo vem da caixa de chat de atendimento.<\/p>\n<h3>2 &#8211; As imagens pesadas demais<\/h3>\n<p>Ainda que mencionamos as imagens no t\u00f3pico acima, agora o foco \u00e9 outro.&nbsp;<\/p>\n<p>Uma imagem maior pode parecer melhor para a exibi\u00e7\u00e3o do site. No entanto, lembre-se que o navegador tamb\u00e9m baixa a imagem ao acessar a loja, o que pode causar lentid\u00e3o no carregamento se elas forem pesadas demais.<\/p>\n<p>A solu\u00e7\u00e3o \u00e9 simples: n\u00e3o use imagens com tamanho maior do que \u00e9 necess\u00e1rio no cadastro de produtos. Ali\u00e1s, existem servi\u00e7os que cumprem bem esse papel, como o <i>VTEX Img<\/i>, que entrega as imagens da loja com grandes benef\u00edcios. Assim, envia o arquivo em tamanho espec\u00edfico e redimensionado nas melhores propor\u00e7\u00f5es.<\/p>\n<h3>3 &#8211; As prateleiras de produtos<\/h3>\n<p>Uma pr\u00e1tica comum de acontecer em lojas virtuais que deixam o site lento \u00e9 o uso de prateleiras de produtos na navega\u00e7\u00e3o horizontal. Ao inv\u00e9s de exibir 4 produtos de uma vez, muitos lojistas optaram por incluir 12 deles em uma \u00fanica linha \u2013 o que \u00e9 uma ideia ruim.<\/p>\n<p>Isso porque os outros produtos ficar\u00e3o ocultos dependendo dos cliques dos visitantes para serem abertos. E na internet, para ter sucesso, \u00e9 preciso facilitar a vida do usu\u00e1rio e n\u00e3o o contr\u00e1rio. Ent\u00e3o, atente-se a essa quest\u00e3o da rolagem de produtos.<\/p>\n<h2>4 &#8211; As p\u00e1ginas cacheadas4 &#8211; As p\u00e1ginas cacheadas<\/h2>\n<p>Quem ainda tem poucas visitas no site pode ter o problema de ter poucas p\u00e1ginas cacheadas. O que isso quer dizer na pr\u00e1tica? Quando um usu\u00e1rio abre uma p\u00e1gina n\u00e3o cacheada, ela \u00e9 carregada do zero; o que indica que ter\u00e1 um tempo de carregamento maior.<\/p>\n<p>Para isso, a solu\u00e7\u00e3o \u00e9 aumentar o n\u00famero de visitas do site, sendo que assim, automaticamente, as p\u00e1ginas cacheadas estar\u00e3o em maior quantidade, eliminando o problema da lentid\u00e3o do carregamento.<\/p>\n<h2>5 &#8211; Os c\u00f3digos Java, HTML e CSS<\/h2>\n<p>Comprimir c\u00f3digos \u00e9 um trabalho mais t\u00e9cnico do que os anteriores. Assim, ser\u00e1 necess\u00e1rio ter um time de desenvolvedores e programadores para execu\u00e7\u00e3o. A ideia \u00e9 retirar ou reduzir espa\u00e7os em vari\u00e1veis para compactar os c\u00f3digos na menor quantidade de linhas.<\/p>\n<p>Isso tornar\u00e1 a sua p\u00e1gina mais r\u00e1pida porque o tempo de resposta do servidor tamb\u00e9m ser\u00e1 menor. Neste tipo de trabalho, \u00e9 ideal contar com ferramentas que otimizam c\u00f3digos, como o Adobe Dreamweaver, o Minify e o YUI Compressor.<\/p>\n<h3>6 &#8211; As ferramentas de monitoramento<\/h3>\n<p>Outra percep\u00e7\u00e3o \u00e9 considerar as melhores ferramentas para fazer o monitoramento da velocidade do e-commerce. Hoje, o PageSpeed Insights, que \u00e9 do Google, \u00e9 o mais utilizado.<\/p>\n<p>Ele gera relat\u00f3rios sobre o desempenho das p\u00e1ginas em dispositivos m\u00f3veis e computadores, al\u00e9m de trazer sugest\u00f5es de melhorias com a grande vantagem de usar as m\u00e9tricas do Google para web no comparativo.<\/p>\n<p>Essas m\u00e9tricas s\u00e3o geradas a partir dos dados de campo e dos dados de laborat\u00f3rio. Os primeiros v\u00eam do monitoramento dos usu\u00e1rios reais, que carregam e interagem com a p\u00e1gina. Os outros se baseiam em simula\u00e7\u00f5es de carregamento em ambiente controlado.<\/p>\n<p><img loading=\"lazy\" decoding=\"async\" width=\"768\" height=\"512\" src=\"http:\/\/penseavanti.com.br\/ecommerce\/wp-content\/uploads\/2023\/03\/Avanti_Blog_-1-768x512.jpg\" alt=\"\" loading=\"lazy\" srcset=\"https:\/\/penseavanti.com.br\/ecommerce\/wp-content\/uploads\/2023\/03\/Avanti_Blog_-1-768x512.jpg 768w, https:\/\/penseavanti.com.br\/ecommerce\/wp-content\/uploads\/2023\/03\/Avanti_Blog_-1-300x200.jpg 300w, https:\/\/penseavanti.com.br\/ecommerce\/wp-content\/uploads\/2023\/03\/Avanti_Blog_-1-1024x682.jpg 1024w, https:\/\/penseavanti.com.br\/ecommerce\/wp-content\/uploads\/2023\/03\/Avanti_Blog_-1-1536x1023.jpg 1536w, https:\/\/penseavanti.com.br\/ecommerce\/wp-content\/uploads\/2023\/03\/Avanti_Blog_-1-150x100.jpg 150w, https:\/\/penseavanti.com.br\/ecommerce\/wp-content\/uploads\/2023\/03\/Avanti_Blog_-1.jpg 1600w\" sizes=\"(max-width: 768px) 100vw, 768px\"><\/p>\n<h2>O pr\u00f3ximo passo para melhorar o tempo de carregamento da p\u00e1gina<\/h2>\n<p>Vimos v\u00e1rios <i>insights<\/i> que fazem muito sentido na hora de melhorar o tempo de carregamento de uma p\u00e1gina de vendas na internet. Agora \u00e9 hora de colocar em pr\u00e1tica.<\/p>\n<p>A VTEX possui recursos que facilitam a arquitetura da informa\u00e7\u00e3o de um site, como o uso de URLs amig\u00e1veis at\u00e9 a integra\u00e7\u00e3o de palavras-chave. Essa personaliza\u00e7\u00e3o \u00e9 fundamental para todo e-commerce que visa expandir o mercado, gerando mais vendas.<\/p>\n<p>A empresa que ainda n\u00e3o faz o uso da VTEX pode contar com a <a href=\"https:\/\/penseavanti.com.br\/ecommerce\/como-escolher-melhor-plataforma-ecommerce\/\">AVANTI<\/a>, que realiza a implanta\u00e7\u00e3o ou migra\u00e7\u00e3o da plataforma. Com a nova estrutura ser\u00e1 poss\u00edvel figurar ao lado de grandes marcas de e-commerce, como Coca-Cola, Electrolux, Nestl\u00e9, Sony e outras, que usam VTEX.<\/p>\n<p>E para que o lojista-empreendedor se preocupe somente com as vendas do seu neg\u00f3cio, a AVANTI tamb\u00e9m oferece o Suporte Certificado VTEX, que como o nome indica, d\u00e1 todo o suporte necess\u00e1rio para o bom funcionamento do site.<\/p>\n<p>Tudo isso pode ser acompanhado por um aplicativo pr\u00f3prio, que traz as tarefas que s\u00e3o realizadas. Essa \u00e9 a estrat\u00e9gia integrada com servi\u00e7os AVANTI que faltava para a sua loja atender os consumidores, ter um tempo de carregamento mais r\u00e1pido e n\u00e3o perder vendas.<\/p>\n<p><a href=\"https:\/\/penseavanti.com.br\/ecommerce\/\">Entre em contato com a AVANTI.<\/a><\/p>\n","protected":false},"excerpt":{"rendered":"<p>O consumidor que compra na internet n\u00e3o quer ficar esperando. A frase \u00e9 ampla e vale, inclusive, para o tempo de carregamento de p\u00e1gina de um e-commerce. Se ela demora demais para abrir ou executar a\u00e7\u00f5es, o seu consumidor simplesmente desiste da compra. O tema se tornou ainda mais necess\u00e1rio de ser discutido \u2013 e [&hellip;]<\/p>\n","protected":false},"author":20,"featured_media":24217,"comment_status":"open","ping_status":"open","sticky":false,"template":"","format":"standard","meta":{"inline_featured_image":false,"footnotes":""},"categories":[16,73],"tags":[25,32,33],"acf":[],"yoast_head":"<!-- This site is optimized with the Yoast SEO plugin v21.9.1 - https:\/\/yoast.com\/wordpress\/plugins\/seo\/ -->\n<title>6 dicas para melhorar o tempo de carregamento de p\u00e1gina do seu e-commerce - Avanti | e-commerce e Marketing Digital<\/title>\n<meta name=\"description\" content=\"O tempo de carregamento de p\u00e1gina de um e-commerce \u00e9 t\u00e3o importante que pode significar a perda de venda. Veja 6 insights para melhorar!\" \/>\n<meta name=\"robots\" content=\"index, follow, max-snippet:-1, max-image-preview:large, max-video-preview:-1\" \/>\n<link rel=\"canonical\" href=\"https:\/\/penseavanti.com.br\/ecommerce\/tempo-de-carregamento-de-pagina\/\" \/>\n<meta property=\"og:locale\" content=\"pt_BR\" \/>\n<meta property=\"og:type\" content=\"article\" \/>\n<meta property=\"og:title\" content=\"6 dicas para melhorar o tempo de carregamento de p\u00e1gina do seu e-commerce - Avanti | e-commerce e Marketing Digital\" \/>\n<meta property=\"og:description\" content=\"O tempo de carregamento de p\u00e1gina de um e-commerce \u00e9 t\u00e3o importante que pode significar a perda de venda. Veja 6 insights para melhorar!\" \/>\n<meta property=\"og:url\" content=\"https:\/\/penseavanti.com.br\/ecommerce\/tempo-de-carregamento-de-pagina\/\" \/>\n<meta property=\"og:site_name\" content=\"Avanti | e-commerce e Marketing Digital\" \/>\n<meta property=\"article:publisher\" content=\"https:\/\/www.facebook.com\/penseavanti\/\" \/>\n<meta property=\"article:published_time\" content=\"2023-03-23T11:00:00+00:00\" \/>\n<meta property=\"article:modified_time\" content=\"2023-06-09T14:03:08+00:00\" \/>\n<meta property=\"og:image\" content=\"http:\/\/penseavanti.com.br\/ecommerce\/wp-content\/uploads\/2023\/03\/Avanti_Blog_.jpg\" \/>\n\t<meta property=\"og:image:width\" content=\"1120\" \/>\n\t<meta property=\"og:image:height\" content=\"640\" \/>\n\t<meta property=\"og:image:type\" content=\"image\/jpeg\" \/>\n<meta name=\"author\" content=\"Adove\" \/>\n<meta name=\"twitter:card\" content=\"summary_large_image\" \/>\n<!-- \/ Yoast SEO plugin. -->","yoast_head_json":{"title":"6 dicas para melhorar o tempo de carregamento de p\u00e1gina do seu e-commerce - Avanti | e-commerce e Marketing Digital","description":"O tempo de carregamento de p\u00e1gina de um e-commerce \u00e9 t\u00e3o importante que pode significar a perda de venda. Veja 6 insights para melhorar!","robots":{"index":"index","follow":"follow","max-snippet":"max-snippet:-1","max-image-preview":"max-image-preview:large","max-video-preview":"max-video-preview:-1"},"canonical":"https:\/\/penseavanti.com.br\/ecommerce\/tempo-de-carregamento-de-pagina\/","og_locale":"pt_BR","og_type":"article","og_title":"6 dicas para melhorar o tempo de carregamento de p\u00e1gina do seu e-commerce - Avanti | e-commerce e Marketing Digital","og_description":"O tempo de carregamento de p\u00e1gina de um e-commerce \u00e9 t\u00e3o importante que pode significar a perda de venda. Veja 6 insights para melhorar!","og_url":"https:\/\/penseavanti.com.br\/ecommerce\/tempo-de-carregamento-de-pagina\/","og_site_name":"Avanti | e-commerce e Marketing Digital","article_publisher":"https:\/\/www.facebook.com\/penseavanti\/","article_published_time":"2023-03-23T11:00:00+00:00","article_modified_time":"2023-06-09T14:03:08+00:00","og_image":[{"width":1120,"height":640,"url":"http:\/\/penseavanti.com.br\/ecommerce\/wp-content\/uploads\/2023\/03\/Avanti_Blog_.jpg","type":"image\/jpeg"}],"author":"Adove","twitter_card":"summary_large_image","schema":{"@context":"https:\/\/schema.org","@graph":[{"@type":"Article","@id":"https:\/\/penseavanti.com.br\/ecommerce\/tempo-de-carregamento-de-pagina\/#article","isPartOf":{"@id":"https:\/\/penseavanti.com.br\/ecommerce\/tempo-de-carregamento-de-pagina\/"},"author":{"name":"Adove","@id":"https:\/\/penseavanti.com.br\/ecommerce\/#\/schema\/person\/73987cb701c8f8e746251102c55afb01"},"headline":"6 dicas para melhorar o tempo de carregamento de p\u00e1gina do seu e-commerce","datePublished":"2023-03-23T11:00:00+00:00","dateModified":"2023-06-09T14:03:08+00:00","mainEntityOfPage":{"@id":"https:\/\/penseavanti.com.br\/ecommerce\/tempo-de-carregamento-de-pagina\/"},"wordCount":1223,"commentCount":0,"publisher":{"@id":"https:\/\/penseavanti.com.br\/ecommerce\/#organization"},"keywords":["e-commerce","loja online","loja virtual"],"articleSection":["E-commerce","Loja Virtual"],"inLanguage":"pt-BR","potentialAction":[{"@type":"CommentAction","name":"Comment","target":["https:\/\/penseavanti.com.br\/ecommerce\/tempo-de-carregamento-de-pagina\/#respond"]}]},{"@type":"WebPage","@id":"https:\/\/penseavanti.com.br\/ecommerce\/tempo-de-carregamento-de-pagina\/","url":"https:\/\/penseavanti.com.br\/ecommerce\/tempo-de-carregamento-de-pagina\/","name":"6 dicas para melhorar o tempo de carregamento de p\u00e1gina do seu e-commerce - Avanti | e-commerce e Marketing Digital","isPartOf":{"@id":"https:\/\/penseavanti.com.br\/ecommerce\/#website"},"datePublished":"2023-03-23T11:00:00+00:00","dateModified":"2023-06-09T14:03:08+00:00","description":"O tempo de carregamento de p\u00e1gina de um e-commerce \u00e9 t\u00e3o importante que pode significar a perda de venda. Veja 6 insights para melhorar!","breadcrumb":{"@id":"https:\/\/penseavanti.com.br\/ecommerce\/tempo-de-carregamento-de-pagina\/#breadcrumb"},"inLanguage":"pt-BR","potentialAction":[{"@type":"ReadAction","target":["https:\/\/penseavanti.com.br\/ecommerce\/tempo-de-carregamento-de-pagina\/"]}]},{"@type":"BreadcrumbList","@id":"https:\/\/penseavanti.com.br\/ecommerce\/tempo-de-carregamento-de-pagina\/#breadcrumb","itemListElement":[{"@type":"ListItem","position":1,"name":"In\u00edcio","item":"https:\/\/penseavanti.com.br\/ecommerce\/"},{"@type":"ListItem","position":2,"name":"6 dicas para melhorar o tempo de carregamento de p\u00e1gina do seu e-commerce"}]},{"@type":"WebSite","@id":"https:\/\/penseavanti.com.br\/ecommerce\/#website","url":"https:\/\/penseavanti.com.br\/ecommerce\/","name":"Avanti | e-commerce e Marketing Digital","description":"Acelerando GRANDES MARCAS no Com\u00e9rcio Digital. Como uma das maiores empresas de solu\u00e7\u00f5es para e-commerce do Brasil, a Avanti \u00e9 pioneira e especialista em usar o poder da tecnologia para acelerar o Com\u00e9rcio Digital do varejo, ind\u00fastria e servi\u00e7os","publisher":{"@id":"https:\/\/penseavanti.com.br\/ecommerce\/#organization"},"potentialAction":[{"@type":"SearchAction","target":{"@type":"EntryPoint","urlTemplate":"https:\/\/penseavanti.com.br\/ecommerce\/?s={search_term_string}"},"query-input":"required name=search_term_string"}],"inLanguage":"pt-BR"},{"@type":"Organization","@id":"https:\/\/penseavanti.com.br\/ecommerce\/#organization","name":"Avanti E-commerce e Marketing Digital","url":"https:\/\/penseavanti.com.br\/ecommerce\/","logo":{"@type":"ImageObject","inLanguage":"pt-BR","@id":"https:\/\/penseavanti.com.br\/ecommerce\/#\/schema\/logo\/image\/","url":"http:\/\/penseavanti.com.br\/wp-content\/uploads\/2021\/03\/Logo_A.png","contentUrl":"http:\/\/penseavanti.com.br\/wp-content\/uploads\/2021\/03\/Logo_A.png","width":200,"height":200,"caption":"Avanti E-commerce e Marketing Digital"},"image":{"@id":"https:\/\/penseavanti.com.br\/ecommerce\/#\/schema\/logo\/image\/"},"sameAs":["https:\/\/www.facebook.com\/penseavanti\/","https:\/\/www.instagram.com\/penseavanti\/","https:\/\/www.linkedin.com\/company\/penseavanti\/","https:\/\/youtube.com\/user\/penseavanti\/"]},{"@type":"Person","@id":"https:\/\/penseavanti.com.br\/ecommerce\/#\/schema\/person\/73987cb701c8f8e746251102c55afb01","name":"Adove","image":{"@type":"ImageObject","inLanguage":"pt-BR","@id":"https:\/\/penseavanti.com.br\/ecommerce\/#\/schema\/person\/image\/","url":"https:\/\/secure.gravatar.com\/avatar\/3e180bceff85d70f411a4da4bc0f8111?s=96&d=mm&r=g","contentUrl":"https:\/\/secure.gravatar.com\/avatar\/3e180bceff85d70f411a4da4bc0f8111?s=96&d=mm&r=g","caption":"Adove"},"url":"https:\/\/penseavanti.com.br\/ecommerce\/author\/adoveavanti\/"}]}},"_links":{"self":[{"href":"https:\/\/penseavanti.com.br\/ecommerce\/wp-json\/wp\/v2\/posts\/24215"}],"collection":[{"href":"https:\/\/penseavanti.com.br\/ecommerce\/wp-json\/wp\/v2\/posts"}],"about":[{"href":"https:\/\/penseavanti.com.br\/ecommerce\/wp-json\/wp\/v2\/types\/post"}],"author":[{"embeddable":true,"href":"https:\/\/penseavanti.com.br\/ecommerce\/wp-json\/wp\/v2\/users\/20"}],"replies":[{"embeddable":true,"href":"https:\/\/penseavanti.com.br\/ecommerce\/wp-json\/wp\/v2\/comments?post=24215"}],"version-history":[{"count":9,"href":"https:\/\/penseavanti.com.br\/ecommerce\/wp-json\/wp\/v2\/posts\/24215\/revisions"}],"predecessor-version":[{"id":24379,"href":"https:\/\/penseavanti.com.br\/ecommerce\/wp-json\/wp\/v2\/posts\/24215\/revisions\/24379"}],"wp:featuredmedia":[{"embeddable":true,"href":"https:\/\/penseavanti.com.br\/ecommerce\/wp-json\/wp\/v2\/media\/24217"}],"wp:attachment":[{"href":"https:\/\/penseavanti.com.br\/ecommerce\/wp-json\/wp\/v2\/media?parent=24215"}],"wp:term":[{"taxonomy":"category","embeddable":true,"href":"https:\/\/penseavanti.com.br\/ecommerce\/wp-json\/wp\/v2\/categories?post=24215"},{"taxonomy":"post_tag","embeddable":true,"href":"https:\/\/penseavanti.com.br\/ecommerce\/wp-json\/wp\/v2\/tags?post=24215"}],"curies":[{"name":"wp","href":"https:\/\/api.w.org\/{rel}","templated":true}]}}